{"id":19297,"date":"2026-08-24T10:00:00","date_gmt":"2026-08-24T08:00:00","guid":{"rendered":"https:\/\/www.andreoliestudio.com\/?p=19297"},"modified":"2026-09-04T18:36:11","modified_gmt":"2026-09-04T16:36:11","slug":"packaging-visual-composicion-y-color-para-destacar-en-estanteria-y","status":"publish","type":"post","link":"https:\/\/www.andreoliestudio.com\/en\/noticias\/packaging-visual-composicion-y-color-para-destacar-en-estanteria-y\/","title":{"rendered":"Packaging visual: composici\u00f3n y color para destacar en estanter\u00eda y\u2026"},"content":{"rendered":"<p>El <strong>packaging visual<\/strong> es la carta de presentaci\u00f3n de un producto en el punto de venta. Para un lector principiante, este art\u00edculo explica de forma clara y pr\u00e1ctica c\u00f3mo la composici\u00f3n y el color ayudan a que un producto destaque en la estanter\u00eda y conecte con el p\u00fablico objetivo.<\/p>\n<h2>\u00bfQu\u00e9 es el packaging visual?<\/h2>\n<p>El <em>packaging visual<\/em> engloba todos los elementos gr\u00e1ficos y compositivos que se ven en un envase: color, forma, tipograf\u00eda, iconos e im\u00e1genes. No se trata solo de est\u00e9tica: influye en la percepci\u00f3n de calidad, utilidad y valores de la marca.<\/p>\n<h2>Por qu\u00e9 importa en la estanter\u00eda<\/h2>\n<ul>\n<li>Captura la atenci\u00f3n en segundos: el consumidor decide r\u00e1pido a qu\u00e9 producto acercarse.<\/li>\n<li>Diferencia frente a la competencia: un dise\u00f1o claro y coherente comunica mejor el beneficio del producto.<\/li>\n<li>Refuerza el <strong>branding producto<\/strong>: los elementos visuales consistentes construyen recuerdo de marca.<\/li>\n<\/ul>\n<h2>Elementos clave de la composici\u00f3n<\/h2>\n<h3>Jerarqu\u00eda visual<\/h3>\n<p>Define qu\u00e9 se ve primero (nombre, beneficio, logo). Usa tama\u00f1o, contraste y posici\u00f3n para guiar la mirada.<\/p>\n<h3>Equilibrio y alineaci\u00f3n<\/h3>\n<p>Mant\u00e9n una composici\u00f3n ordenada: el equilibrio entre espacios llenos y vac\u00edos mejora la legibilidad y la percepci\u00f3n de calidad.<\/p>\n<h3>Tipograf\u00eda<\/h3>\n<p>Elige tipograf\u00edas legibles a distancia. Combina una tipograf\u00eda para el titular y otra m\u00e1s neutra para la informaci\u00f3n secundaria.<\/p>\n<h3>Im\u00e1genes y pictogramas<\/h3>\n<p>Las im\u00e1genes deben apoyar el mensaje: una foto clara del producto o un icono simple ayudan a comunicar r\u00e1pidamente su uso o beneficio.<\/p>\n<h2>Color: c\u00f3mo escoger y aplicar<\/h2>\n<p>El color es una de las herramientas m\u00e1s potentes del <strong>packaging visual<\/strong>. Aqu\u00ed tienes pautas sencillas:<\/p>\n<ul>\n<li>Relaciona color y emoci\u00f3n: por ejemplo, verdes para natural, azules para confianza, rojos para energ\u00eda.<\/li>\n<li>Contraste: aseg\u00farate de que el texto destaque sobre el fondo para buena lectura desde lejos.<\/li>\n<li>Paleta reducida: 2\u20133 colores primarios mantienen coherencia y facilitan el reconocimiento.<\/li>\n<li>Consistencia con el <strong>dise\u00f1o de producto<\/strong> y el branding: usa colores que refuercen la identidad de la marca.<\/li>\n<\/ul>\n<h2>Consejos pr\u00e1cticos para dise\u00f1ar un packaging que destaque<\/h2>\n<ol>\n<li>Define el p\u00fablico objetivo y el beneficio principal que quieres comunicar.<\/li>\n<li>Prioriza la legibilidad: nombre del producto, beneficio y peso\/volumen deben verse claramente.<\/li>\n<li>Usa contrastes fuertes en el frente de la estanter\u00eda; los bordes limpios ayudan a diferenciar el envase.<\/li>\n<li>Evita saturar: menos elementos bien colocados suelen funcionar mejor.<\/li>\n<li>Prueba el dise\u00f1o en contexto: realiza mockups o fotos en una estanter\u00eda con productos reales.<\/li>\n<\/ol>\n<h2>Checklist r\u00e1pido antes de producir<\/h2>\n<ul>\n<li>\u00bfSe lee el nombre desde 2\u20133 metros?<\/li>\n<li>\u00bfEl color elegido comunica el posicionamiento de la marca?<\/li>\n<li>\u00bfHay una jerarqu\u00eda visual clara entre logo, nombre y beneficio?<\/li>\n<li>\u00bfEl dise\u00f1o es coherente con el <strong>dise\u00f1o de producto<\/strong> y el <strong>branding producto<\/strong>?<\/li>\n<li>\u00bfHas probado el packaging en el entorno de venta?<\/li>\n<\/ul>\n<h2>Conclusi\u00f3n<\/h2>\n<p>El <strong>packaging visual<\/strong> combina composici\u00f3n y color para captar la atenci\u00f3n y comunicar el valor del producto. Con decisiones simples y coherentes \u2014jerarqu\u00eda, contraste, paleta limitada y pruebas en contexto\u2014 puedes crear un envase que destaque en estanter\u00eda y refuerce la propuesta de tu marca.<\/p>\n","protected":false},"excerpt":{"rendered":"<p>El packaging visual es la carta de presentaci\u00f3n de un producto en el punto de venta. Para un lector principiante, este art\u00edculo explica de forma clara y pr\u00e1ctica c\u00f3mo la&#8230;<\/p>\n","protected":false},"author":1,"featured_media":19159,"comment_status":"open","ping_status":"closed","sticky":false,"template":"","format":"standard","meta":{"footnotes":""},"categories":[1865],"tags":[],"class_list":["post-19297","post","type-post","status-publish","format-standard","has-post-thumbnail","category-packaging"],"yoast_head":"<!-- This site is optimized with the Yoast SEO plugin v26.9 - https:\/\/yoast.com\/product\/yoast-seo-wordpress\/ -->\n<title>Packaging visual: composici\u00f3n y color para destacar en estanter\u00eda y\u2026 - Estudio Andreoli<\/title>\n<meta name=\"robots\" content=\"index, follow, max-snippet:-1, max-image-preview:large, max-video-preview:-1\" \/>\n<link rel=\"canonical\" href=\"https:\/\/www.andreoliestudio.com\/noticias\/packaging-visual-composicion-y-color-para-destacar-en-estanteria-y\/\" \/>\n<meta property=\"og:locale\" content=\"en_US\" \/>\n<meta property=\"og:type\" content=\"article\" \/>\n<meta property=\"og:title\" content=\"Packaging visual: composici\u00f3n y color para destacar en estanter\u00eda y\u2026 - Estudio Andreoli\" \/>\n<meta property=\"og:description\" content=\"El packaging visual es la carta de presentaci\u00f3n de un producto en el punto de venta. Para un lector principiante, este art\u00edculo explica de forma clara y pr\u00e1ctica c\u00f3mo la...\" \/>\n<meta property=\"og:url\" content=\"https:\/\/www.andreoliestudio.com\/noticias\/packaging-visual-composicion-y-color-para-destacar-en-estanteria-y\/\" \/>\n<meta property=\"og:site_name\" content=\"Estudio Andreoli\" \/>\n<meta property=\"article:publisher\" content=\"https:\/\/www.facebook.com\/helloandreoli\" \/>\n<meta property=\"article:author\" content=\"https:\/\/www.facebook.com\/helloandreoli\" \/>\n<meta property=\"article:published_time\" content=\"2026-08-24T08:00:00+00:00\" \/>\n<meta property=\"article:modified_time\" content=\"2026-09-04T16:36:11+00:00\" \/>\n<meta property=\"og:image\" content=\"https:\/\/www.andreoliestudio.com\/wp-content\/uploads\/2026\/04\/packaging-branding-producto-andreoli.jpg\" \/>\n\t<meta property=\"og:image:width\" content=\"904\" \/>\n\t<meta property=\"og:image:height\" content=\"1200\" \/>\n\t<meta property=\"og:image:type\" content=\"image\/jpeg\" \/>\n<meta name=\"author\" content=\"Stefano Andreoli\" \/>\n<meta name=\"twitter:card\" content=\"summary_large_image\" \/>\n<meta name=\"twitter:creator\" content=\"@helloandreoli\" \/>\n<meta name=\"twitter:site\" content=\"@helloandreoli\" \/>\n<meta name=\"twitter:label1\" content=\"Written by\" \/>\n\t<meta name=\"twitter:data1\" content=\"Stefano Andreoli\" \/>\n\t<meta name=\"twitter:label2\" content=\"Est. reading time\" \/>\n\t<meta name=\"twitter:data2\" content=\"3 minutes\" \/>\n<script type=\"application\/ld+json\" class=\"yoast-schema-graph\">{\"@context\":\"https:\/\/schema.org\",\"@graph\":[{\"@type\":\"Article\",\"@id\":\"https:\/\/www.andreoliestudio.com\/noticias\/packaging-visual-composicion-y-color-para-destacar-en-estanteria-y\/#article\",\"isPartOf\":{\"@id\":\"https:\/\/www.andreoliestudio.com\/noticias\/packaging-visual-composicion-y-color-para-destacar-en-estanteria-y\/\"},\"author\":{\"name\":\"Stefano Andreoli\",\"@id\":\"https:\/\/www.andreoliestudio.com\/#\/schema\/person\/cf9fed3e27ed3bb1063e7e4edbed3d7e\"},\"headline\":\"Packaging visual: composici\u00f3n y color para destacar en estanter\u00eda y\u2026\",\"datePublished\":\"2026-08-24T08:00:00+00:00\",\"dateModified\":\"2026-09-04T16:36:11+00:00\",\"mainEntityOfPage\":{\"@id\":\"https:\/\/www.andreoliestudio.com\/noticias\/packaging-visual-composicion-y-color-para-destacar-en-estanteria-y\/\"},\"wordCount\":549,\"commentCount\":0,\"publisher\":{\"@id\":\"https:\/\/www.andreoliestudio.com\/#organization\"},\"image\":{\"@id\":\"https:\/\/www.andreoliestudio.com\/noticias\/packaging-visual-composicion-y-color-para-destacar-en-estanteria-y\/#primaryimage\"},\"thumbnailUrl\":\"https:\/\/www.andreoliestudio.com\/wp-content\/uploads\/2026\/04\/packaging-branding-producto-andreoli.jpg\",\"articleSection\":[\"Packaging\"],\"inLanguage\":\"en-US\",\"potentialAction\":[{\"@type\":\"CommentAction\",\"name\":\"Comment\",\"target\":[\"https:\/\/www.andreoliestudio.com\/noticias\/packaging-visual-composicion-y-color-para-destacar-en-estanteria-y\/#respond\"]}]},{\"@type\":\"WebPage\",\"@id\":\"https:\/\/www.andreoliestudio.com\/noticias\/packaging-visual-composicion-y-color-para-destacar-en-estanteria-y\/\",\"url\":\"https:\/\/www.andreoliestudio.com\/noticias\/packaging-visual-composicion-y-color-para-destacar-en-estanteria-y\/\",\"name\":\"Packaging visual: composici\u00f3n y color para destacar en estanter\u00eda y\u2026 - Estudio Andreoli\",\"isPartOf\":{\"@id\":\"https:\/\/www.andreoliestudio.com\/#website\"},\"primaryImageOfPage\":{\"@id\":\"https:\/\/www.andreoliestudio.com\/noticias\/packaging-visual-composicion-y-color-para-destacar-en-estanteria-y\/#primaryimage\"},\"image\":{\"@id\":\"https:\/\/www.andreoliestudio.com\/noticias\/packaging-visual-composicion-y-color-para-destacar-en-estanteria-y\/#primaryimage\"},\"thumbnailUrl\":\"https:\/\/www.andreoliestudio.com\/wp-content\/uploads\/2026\/04\/packaging-branding-producto-andreoli.jpg\",\"datePublished\":\"2026-08-24T08:00:00+00:00\",\"dateModified\":\"2026-09-04T16:36:11+00:00\",\"breadcrumb\":{\"@id\":\"https:\/\/www.andreoliestudio.com\/noticias\/packaging-visual-composicion-y-color-para-destacar-en-estanteria-y\/#breadcrumb\"},\"inLanguage\":\"en-US\",\"potentialAction\":[{\"@type\":\"ReadAction\",\"target\":[\"https:\/\/www.andreoliestudio.com\/noticias\/packaging-visual-composicion-y-color-para-destacar-en-estanteria-y\/\"]}]},{\"@type\":\"ImageObject\",\"inLanguage\":\"en-US\",\"@id\":\"https:\/\/www.andreoliestudio.com\/noticias\/packaging-visual-composicion-y-color-para-destacar-en-estanteria-y\/#primaryimage\",\"url\":\"https:\/\/www.andreoliestudio.com\/wp-content\/uploads\/2026\/04\/packaging-branding-producto-andreoli.jpg\",\"contentUrl\":\"https:\/\/www.andreoliestudio.com\/wp-content\/uploads\/2026\/04\/packaging-branding-producto-andreoli.jpg\",\"width\":904,\"height\":1200},{\"@type\":\"BreadcrumbList\",\"@id\":\"https:\/\/www.andreoliestudio.com\/noticias\/packaging-visual-composicion-y-color-para-destacar-en-estanteria-y\/#breadcrumb\",\"itemListElement\":[{\"@type\":\"ListItem\",\"position\":1,\"name\":\"Home\",\"item\":\"https:\/\/www.andreoliestudio.com\/en\/\"},{\"@type\":\"ListItem\",\"position\":2,\"name\":\"Packaging visual: composici\u00f3n y color para destacar en estanter\u00eda y\u2026\"}]},{\"@type\":\"WebSite\",\"@id\":\"https:\/\/www.andreoliestudio.com\/#website\",\"url\":\"https:\/\/www.andreoliestudio.com\/\",\"name\":\"Estudio de dise\u00f1o gr\u00e1fico en Valencia, Branding | Andreoli Estudio\",\"description\":\"Estudio de dise\u00f1o gr\u00e1fico, Branding, Dise\u00f1o de p\u00e1ginas web en Valencia\",\"publisher\":{\"@id\":\"https:\/\/www.andreoliestudio.com\/#organization\"},\"alternateName\":\"Andreoli\",\"potentialAction\":[{\"@type\":\"SearchAction\",\"target\":{\"@type\":\"EntryPoint\",\"urlTemplate\":\"https:\/\/www.andreoliestudio.com\/?s={search_term_string}\"},\"query-input\":{\"@type\":\"PropertyValueSpecification\",\"valueRequired\":true,\"valueName\":\"search_term_string\"}}],\"inLanguage\":\"en-US\"},{\"@type\":\"Organization\",\"@id\":\"https:\/\/www.andreoliestudio.com\/#organization\",\"name\":\"Andreoli Estudio\",\"alternateName\":\"Andreoli\",\"url\":\"https:\/\/www.andreoliestudio.com\/\",\"logo\":{\"@type\":\"ImageObject\",\"inLanguage\":\"en-US\",\"@id\":\"https:\/\/www.andreoliestudio.com\/#\/schema\/logo\/image\/\",\"url\":\"https:\/\/www.andreoliestudio.com\/wp-content\/uploads\/2024\/08\/favicon-andreoli-estudio.jpg\",\"contentUrl\":\"https:\/\/www.andreoliestudio.com\/wp-content\/uploads\/2024\/08\/favicon-andreoli-estudio.jpg\",\"width\":1080,\"height\":1080,\"caption\":\"Andreoli Estudio\"},\"image\":{\"@id\":\"https:\/\/www.andreoliestudio.com\/#\/schema\/logo\/image\/\"},\"sameAs\":[\"https:\/\/www.facebook.com\/helloandreoli\",\"https:\/\/x.com\/helloandreoli\",\"http:\/\/es.linkedin.com\/in\/andreolistefano\",\"https:\/\/www.youtube.com\/user\/helloandreoli\",\"https:\/\/www.instagram.com\/estudioandreoli\/\",\"https:\/\/www.behance.net\/andreoli\"]},{\"@type\":\"Person\",\"@id\":\"https:\/\/www.andreoliestudio.com\/#\/schema\/person\/cf9fed3e27ed3bb1063e7e4edbed3d7e\",\"name\":\"Stefano Andreoli\",\"image\":{\"@type\":\"ImageObject\",\"inLanguage\":\"en-US\",\"@id\":\"https:\/\/www.andreoliestudio.com\/#\/schema\/person\/image\/\",\"url\":\"https:\/\/secure.gravatar.com\/avatar\/648607c2a95b19c9b1bb224c90e55ad40ee54b96990bc856c52661d87c22ef5b?s=96&d=mm&r=g\",\"contentUrl\":\"https:\/\/secure.gravatar.com\/avatar\/648607c2a95b19c9b1bb224c90e55ad40ee54b96990bc856c52661d87c22ef5b?s=96&d=mm&r=g\",\"caption\":\"Stefano Andreoli\"},\"description\":\"CEO y Creative Director en Estudio Andreoli\u2122. Docente en Monster Academy, HTML.it, IED Madrid y Jurado en Mediastars Festival. Pues.. un poco liado.\",\"sameAs\":[\"https:\/\/www.andreo.li\",\"https:\/\/www.facebook.com\/helloandreoli\",\"https:\/\/x.com\/helloandreoli\"],\"url\":\"https:\/\/www.andreoliestudio.com\/en\/noticias\/author\/admin\/\"}]}<\/script>\n<!-- \/ Yoast SEO plugin. -->","yoast_head_json":{"title":"Packaging visual: composici\u00f3n y color para destacar en estanter\u00eda y\u2026 - Estudio Andreoli","robots":{"index":"index","follow":"follow","max-snippet":"max-snippet:-1","max-image-preview":"max-image-preview:large","max-video-preview":"max-video-preview:-1"},"canonical":"https:\/\/www.andreoliestudio.com\/noticias\/packaging-visual-composicion-y-color-para-destacar-en-estanteria-y\/","og_locale":"en_US","og_type":"article","og_title":"Packaging visual: composici\u00f3n y color para destacar en estanter\u00eda y\u2026 - Estudio Andreoli","og_description":"El packaging visual es la carta de presentaci\u00f3n de un producto en el punto de venta. Para un lector principiante, este art\u00edculo explica de forma clara y pr\u00e1ctica c\u00f3mo la...","og_url":"https:\/\/www.andreoliestudio.com\/noticias\/packaging-visual-composicion-y-color-para-destacar-en-estanteria-y\/","og_site_name":"Estudio Andreoli","article_publisher":"https:\/\/www.facebook.com\/helloandreoli","article_author":"https:\/\/www.facebook.com\/helloandreoli","article_published_time":"2026-08-24T08:00:00+00:00","article_modified_time":"2026-09-04T16:36:11+00:00","og_image":[{"width":904,"height":1200,"url":"https:\/\/www.andreoliestudio.com\/wp-content\/uploads\/2026\/04\/packaging-branding-producto-andreoli.jpg","type":"image\/jpeg"}],"author":"Stefano Andreoli","twitter_card":"summary_large_image","twitter_creator":"@helloandreoli","twitter_site":"@helloandreoli","twitter_misc":{"Written by":"Stefano Andreoli","Est. reading time":"3 minutes"},"schema":{"@context":"https:\/\/schema.org","@graph":[{"@type":"Article","@id":"https:\/\/www.andreoliestudio.com\/noticias\/packaging-visual-composicion-y-color-para-destacar-en-estanteria-y\/#article","isPartOf":{"@id":"https:\/\/www.andreoliestudio.com\/noticias\/packaging-visual-composicion-y-color-para-destacar-en-estanteria-y\/"},"author":{"name":"Stefano Andreoli","@id":"https:\/\/www.andreoliestudio.com\/#\/schema\/person\/cf9fed3e27ed3bb1063e7e4edbed3d7e"},"headline":"Packaging visual: composici\u00f3n y color para destacar en estanter\u00eda y\u2026","datePublished":"2026-08-24T08:00:00+00:00","dateModified":"2026-09-04T16:36:11+00:00","mainEntityOfPage":{"@id":"https:\/\/www.andreoliestudio.com\/noticias\/packaging-visual-composicion-y-color-para-destacar-en-estanteria-y\/"},"wordCount":549,"commentCount":0,"publisher":{"@id":"https:\/\/www.andreoliestudio.com\/#organization"},"image":{"@id":"https:\/\/www.andreoliestudio.com\/noticias\/packaging-visual-composicion-y-color-para-destacar-en-estanteria-y\/#primaryimage"},"thumbnailUrl":"https:\/\/www.andreoliestudio.com\/wp-content\/uploads\/2026\/04\/packaging-branding-producto-andreoli.jpg","articleSection":["Packaging"],"inLanguage":"en-US","potentialAction":[{"@type":"CommentAction","name":"Comment","target":["https:\/\/www.andreoliestudio.com\/noticias\/packaging-visual-composicion-y-color-para-destacar-en-estanteria-y\/#respond"]}]},{"@type":"WebPage","@id":"https:\/\/www.andreoliestudio.com\/noticias\/packaging-visual-composicion-y-color-para-destacar-en-estanteria-y\/","url":"https:\/\/www.andreoliestudio.com\/noticias\/packaging-visual-composicion-y-color-para-destacar-en-estanteria-y\/","name":"Packaging visual: composici\u00f3n y color para destacar en estanter\u00eda y\u2026 - Estudio Andreoli","isPartOf":{"@id":"https:\/\/www.andreoliestudio.com\/#website"},"primaryImageOfPage":{"@id":"https:\/\/www.andreoliestudio.com\/noticias\/packaging-visual-composicion-y-color-para-destacar-en-estanteria-y\/#primaryimage"},"image":{"@id":"https:\/\/www.andreoliestudio.com\/noticias\/packaging-visual-composicion-y-color-para-destacar-en-estanteria-y\/#primaryimage"},"thumbnailUrl":"https:\/\/www.andreoliestudio.com\/wp-content\/uploads\/2026\/04\/packaging-branding-producto-andreoli.jpg","datePublished":"2026-08-24T08:00:00+00:00","dateModified":"2026-09-04T16:36:11+00:00","breadcrumb":{"@id":"https:\/\/www.andreoliestudio.com\/noticias\/packaging-visual-composicion-y-color-para-destacar-en-estanteria-y\/#breadcrumb"},"inLanguage":"en-US","potentialAction":[{"@type":"ReadAction","target":["https:\/\/www.andreoliestudio.com\/noticias\/packaging-visual-composicion-y-color-para-destacar-en-estanteria-y\/"]}]},{"@type":"ImageObject","inLanguage":"en-US","@id":"https:\/\/www.andreoliestudio.com\/noticias\/packaging-visual-composicion-y-color-para-destacar-en-estanteria-y\/#primaryimage","url":"https:\/\/www.andreoliestudio.com\/wp-content\/uploads\/2026\/04\/packaging-branding-producto-andreoli.jpg","contentUrl":"https:\/\/www.andreoliestudio.com\/wp-content\/uploads\/2026\/04\/packaging-branding-producto-andreoli.jpg","width":904,"height":1200},{"@type":"BreadcrumbList","@id":"https:\/\/www.andreoliestudio.com\/noticias\/packaging-visual-composicion-y-color-para-destacar-en-estanteria-y\/#breadcrumb","itemListElement":[{"@type":"ListItem","position":1,"name":"Home","item":"https:\/\/www.andreoliestudio.com\/en\/"},{"@type":"ListItem","position":2,"name":"Packaging visual: composici\u00f3n y color para destacar en estanter\u00eda y\u2026"}]},{"@type":"WebSite","@id":"https:\/\/www.andreoliestudio.com\/#website","url":"https:\/\/www.andreoliestudio.com\/","name":"Estudio de dise\u00f1o gr\u00e1fico en Valencia, Branding | Andreoli Estudio","description":"Estudio de dise\u00f1o gr\u00e1fico, Branding, Dise\u00f1o de p\u00e1ginas web en Valencia","publisher":{"@id":"https:\/\/www.andreoliestudio.com\/#organization"},"alternateName":"Andreoli","potentialAction":[{"@type":"SearchAction","target":{"@type":"EntryPoint","urlTemplate":"https:\/\/www.andreoliestudio.com\/?s={search_term_string}"},"query-input":{"@type":"PropertyValueSpecification","valueRequired":true,"valueName":"search_term_string"}}],"inLanguage":"en-US"},{"@type":"Organization","@id":"https:\/\/www.andreoliestudio.com\/#organization","name":"Andreoli Estudio","alternateName":"Andreoli","url":"https:\/\/www.andreoliestudio.com\/","logo":{"@type":"ImageObject","inLanguage":"en-US","@id":"https:\/\/www.andreoliestudio.com\/#\/schema\/logo\/image\/","url":"https:\/\/www.andreoliestudio.com\/wp-content\/uploads\/2024\/08\/favicon-andreoli-estudio.jpg","contentUrl":"https:\/\/www.andreoliestudio.com\/wp-content\/uploads\/2024\/08\/favicon-andreoli-estudio.jpg","width":1080,"height":1080,"caption":"Andreoli Estudio"},"image":{"@id":"https:\/\/www.andreoliestudio.com\/#\/schema\/logo\/image\/"},"sameAs":["https:\/\/www.facebook.com\/helloandreoli","https:\/\/x.com\/helloandreoli","http:\/\/es.linkedin.com\/in\/andreolistefano","https:\/\/www.youtube.com\/user\/helloandreoli","https:\/\/www.instagram.com\/estudioandreoli\/","https:\/\/www.behance.net\/andreoli"]},{"@type":"Person","@id":"https:\/\/www.andreoliestudio.com\/#\/schema\/person\/cf9fed3e27ed3bb1063e7e4edbed3d7e","name":"Stefano Andreoli","image":{"@type":"ImageObject","inLanguage":"en-US","@id":"https:\/\/www.andreoliestudio.com\/#\/schema\/person\/image\/","url":"https:\/\/secure.gravatar.com\/avatar\/648607c2a95b19c9b1bb224c90e55ad40ee54b96990bc856c52661d87c22ef5b?s=96&d=mm&r=g","contentUrl":"https:\/\/secure.gravatar.com\/avatar\/648607c2a95b19c9b1bb224c90e55ad40ee54b96990bc856c52661d87c22ef5b?s=96&d=mm&r=g","caption":"Stefano Andreoli"},"description":"CEO y Creative Director en Estudio Andreoli\u2122. Docente en Monster Academy, HTML.it, IED Madrid y Jurado en Mediastars Festival. Pues.. un poco liado.","sameAs":["https:\/\/www.andreo.li","https:\/\/www.facebook.com\/helloandreoli","https:\/\/x.com\/helloandreoli"],"url":"https:\/\/www.andreoliestudio.com\/en\/noticias\/author\/admin\/"}]}},"_links":{"self":[{"href":"https:\/\/www.andreoliestudio.com\/en\/wp-json\/wp\/v2\/posts\/19297","targetHints":{"allow":["GET"]}}],"collection":[{"href":"https:\/\/www.andreoliestudio.com\/en\/wp-json\/wp\/v2\/posts"}],"about":[{"href":"https:\/\/www.andreoliestudio.com\/en\/wp-json\/wp\/v2\/types\/post"}],"author":[{"embeddable":true,"href":"https:\/\/www.andreoliestudio.com\/en\/wp-json\/wp\/v2\/users\/1"}],"replies":[{"embeddable":true,"href":"https:\/\/www.andreoliestudio.com\/en\/wp-json\/wp\/v2\/comments?post=19297"}],"version-history":[{"count":1,"href":"https:\/\/www.andreoliestudio.com\/en\/wp-json\/wp\/v2\/posts\/19297\/revisions"}],"predecessor-version":[{"id":20327,"href":"https:\/\/www.andreoliestudio.com\/en\/wp-json\/wp\/v2\/posts\/19297\/revisions\/20327"}],"wp:featuredmedia":[{"embeddable":true,"href":"https:\/\/www.andreoliestudio.com\/en\/wp-json\/wp\/v2\/media\/19159"}],"wp:attachment":[{"href":"https:\/\/www.andreoliestudio.com\/en\/wp-json\/wp\/v2\/media?parent=19297"}],"wp:term":[{"taxonomy":"category","embeddable":true,"href":"https:\/\/www.andreoliestudio.com\/en\/wp-json\/wp\/v2\/categories?post=19297"},{"taxonomy":"post_tag","embeddable":true,"href":"https:\/\/www.andreoliestudio.com\/en\/wp-json\/wp\/v2\/tags?post=19297"}],"curies":[{"name":"wp","href":"https:\/\/api.w.org\/{rel}","templated":true}]}}